{"id":54,"date":"2012-01-13T16:37:30","date_gmt":"2012-01-13T14:37:30","guid":{"rendered":"http:\/\/www.portatenerife.de\/blog\/?p=54"},"modified":"2012-03-15T20:21:04","modified_gmt":"2012-03-15T18:21:04","slug":"stellenangebot-immobilienberater-in-puerto-de-la-cruz","status":"publish","type":"post","link":"https:\/\/www.portatenerife.de\/blog\/stellenangebot-immobilienberater-in-puerto-de-la-cruz\/","title":{"rendered":"Stellenangebot: Immobilienberater in Puerto de la Cruz auf Teneriffa"},"content":{"rendered":"<figure id=\"attachment_62\" aria-describedby=\"caption-attachment-62\" style=\"width: 248px\" class=\"wp-caption alignright\"><img decoding=\"async\" class=\"size-full wp-image-62 \" title=\"Immobilienberater auf Teneriffa\" src=\"https:\/\/www.portatenerife.de\/blog\/bilder\/immobilienberater-auf-teneriffa.jpg\" alt=\"Immobilienberater auf Teneriffa\" width=\"248\" height=\"167\" \/><figcaption id=\"caption-attachment-62\" class=\"wp-caption-text\">Immobilienberater f\u00fcr Porta Tenerife Immobilienb\u00fcro in Puerto de la Cruz auf Teneriffa gesucht<\/figcaption><\/figure>\n<p><strong>Update 01\/2012:<\/strong> Nachdem wir vor einigen Monaten unseren Immobilienshop in Puerto de la Cruz erfolgreich er\u00f6ffnet haben suchen wir nun verst\u00e4rkt wieder  engagierte <a title=\"Immobilienberater auf Teneriffa\" href=\"https:\/\/www.portatenerife.de\/immobilienberater.html\">Verkaufsberater f\u00fcr Teneriffa<\/a>. Wenn Sie Ihren Traum als Immobilienmakler auf\u00a0 Teneriffa zu arbeiten   verwirklichen  wollen, <strong>dann bewerben Sie sich  jetzt<\/strong>.<\/p>\n<h3>\u00dcber Porta Tenerife<\/h3>\n<p>Porta Mondial ist einer der gr\u00f6\u00dften deutschen Ferienimmobilien-Anbieter in Spanien mit Standorten auf <a title=\"www.porta-mallorquina.de\" href=\"http:\/\/www.porta-mallorquina.de\">Mallorca<\/a>, <a title=\"www.portaibiza.de\" href=\"http:\/\/www.portaibiza.de\">Ibiza<\/a> und an der <a title=\"www.portacatalunya.de\" href=\"http:\/\/www.portacatalunya.de\">Costa Brava<\/a>.<\/p>\n<p>Ende 2010 kam das <a title=\"www.portamondial.com\" href=\"http:\/\/www.portamondial.com\">erfolgreiche Immobilien Franchise-System<\/a> auch auf die <a title=\"Porta tenerife\" href=\"https:\/\/www.portatenerife.de\/blog\/immobilien-franchise-system-auf-teneriffa\/\">Kanarischen Inseln<\/a>: Im Sommer 2011 er\u00f6ffnet die neueste Immobilien-Marke der Gruppe, <strong>Porta Tenerife, den ersten Immobilienshop auf Teneriffa.<\/strong><\/p>\n<p>F\u00fcr das neue <strong>Verkaufsb\u00fcro in Puerto de la Cruz suchen wir Immobilienberater\/innen<\/strong>.<\/p>\n<h3>Bewerberprofil<\/h3>\n<p>Sie verf\u00fcgen \u00fcber Erfahrung in der Immobilienbranche, im Idealfall ist Ihre Muttersprache Spanisch oder Deutsch,<br \/>\nverst\u00e4ndigen k\u00f6nnen Sie sich in beiden Sprachen. Zus\u00e4tzliche englische Sprachkenntnisse sind von Vorteil. Mobile IT-Technologie und ein zentrales Objektmanagement unterst\u00fctzen Sie bei Ihrer t\u00e4glichen Arbeit und erlauben es Ihnen, sich voll auf die Akquisition und den Verkauf exklusiver Immobilien zu konzentrieren.<\/p>\n<p>Es erwartet Sie eine \u00fcberdurchschnittliche Erfolgsbeteiligung, gesunde Wachstumsperspektiven und ein angenehmes, internationales Arbeitsklima im sonnigen <a title=\"Puerto de la Cruz\" href=\"https:\/\/www.portatenerife.de\/immobilien\/kaufen\/puerto-de-la-cruz\/\">Puerto de La Cruz<\/a>. <strong>Interessiert? Dann bewerben Sie sich bei uns.<\/strong> <strong> <\/strong><\/p>\n<p>Bitte senden Sie Ihre aussagef\u00e4higen Unterlagen an:<\/p>\n<p><strong>Porta Tenerife<\/strong><br \/>\nHerr Eckhard Bernstorff<br \/>\nEmail: eckhard.bernstorff[at]portatenerife.com<br \/>\nMobil: +34 692 625 838<\/p>\n<figure id=\"attachment_267\" aria-describedby=\"caption-attachment-267\" style=\"width: 600px\" class=\"wp-caption alignleft\"><img fetchpriority=\"high\" decoding=\"async\" class=\"size-full wp-image-267\" title=\"Beleuchteter Porta Tenerife Immobilienshop in Puerto de la Cruz\" src=\"https:\/\/www.portatenerife.de\/blog\/bilder\/porta-tenerife-immobilienshop-beleuchtet.jpg\" alt=\"Beleuchteter Porta Tenerife Immobilienshop in Puerto de la Cruz\" width=\"600\" height=\"450\" \/><figcaption id=\"caption-attachment-267\" class=\"wp-caption-text\">Beleuchteter Porta Tenerife Immobilienshop in Puerto de la Cruz<\/figcaption><\/figure>\n","protected":false},"excerpt":{"rendered":"<p>F\u00fcr das Verkaufsb\u00fcro in Puerto de la Cruz auf Teneriffa suchen wir Immobilienberater\/innen. Sie verf\u00fcgen \u00fcber Erfahrung in der Immobilienbranche, dann bewerben Sie sich jetzt.<\/p>\n","protected":false},"author":4,"featured_media":0,"comment_status":"open","ping_status":"open","sticky":false,"template":"","format":"standard","meta":{"footnotes":""},"categories":[12,13],"tags":[],"class_list":["post-54","post","type-post","status-publish","format-standard","hentry","category-porta-tenerife","category-stellenangebote"],"_links":{"self":[{"href":"https:\/\/www.portatenerife.de\/blog\/wp-json\/wp\/v2\/posts\/54","targetHints":{"allow":["GET"]}}],"collection":[{"href":"https:\/\/www.portatenerife.de\/blog\/wp-json\/wp\/v2\/posts"}],"about":[{"href":"https:\/\/www.portatenerife.de\/blog\/wp-json\/wp\/v2\/types\/post"}],"author":[{"embeddable":true,"href":"https:\/\/www.portatenerife.de\/blog\/wp-json\/wp\/v2\/users\/4"}],"replies":[{"embeddable":true,"href":"https:\/\/www.portatenerife.de\/blog\/wp-json\/wp\/v2\/comments?post=54"}],"version-history":[{"count":21,"href":"https:\/\/www.portatenerife.de\/blog\/wp-json\/wp\/v2\/posts\/54\/revisions"}],"predecessor-version":[{"id":284,"href":"https:\/\/www.portatenerife.de\/blog\/wp-json\/wp\/v2\/posts\/54\/revisions\/284"}],"wp:attachment":[{"href":"https:\/\/www.portatenerife.de\/blog\/wp-json\/wp\/v2\/media?parent=54"}],"wp:term":[{"taxonomy":"category","embeddable":true,"href":"https:\/\/www.portatenerife.de\/blog\/wp-json\/wp\/v2\/categories?post=54"},{"taxonomy":"post_tag","embeddable":true,"href":"https:\/\/www.portatenerife.de\/blog\/wp-json\/wp\/v2\/tags?post=54"}],"curies":[{"name":"wp","href":"https:\/\/api.w.org\/{rel}","templated":true}]}}