{"id":290,"date":"2012-03-29T09:20:07","date_gmt":"2012-03-29T07:20:07","guid":{"rendered":"http:\/\/www.portatenerife.de\/blog\/?p=290"},"modified":"2012-03-29T10:33:02","modified_gmt":"2012-03-29T08:33:02","slug":"vom-lorbeerwald-zum-meer-tipps-fuer-teneriffas-norden","status":"publish","type":"post","link":"https:\/\/www.portatenerife.de\/blog\/vom-lorbeerwald-zum-meer-tipps-fuer-teneriffas-norden\/","title":{"rendered":"Vom Lorbeerwald zum Meer &#8211; Ausflugstipps f\u00fcr Teneriffas Norden"},"content":{"rendered":"<p>Wir starten unseren Teneriffa-Ausflug von <a title=\"Erster Immobilienshop auf Teneriffa er\u00f6ffnet\" href=\"https:\/\/www.portatenerife.de\/blog\/neuer-immobilienshop-auf-teneriffa\/\">Puerto de la Cruz<\/a> aus. Den Namen <em>\u201eHafen des Kreuzes\u201c<\/em> hat diese Stadt mit ihren 35.000 Einwohnern allerdings erst 1813 erhalten. Fr\u00fcher hie\u00df sie nur <em>\u201ePuerto de Orotava\u201c<\/em>, da von hier aus der Wein aus den Weinbergen der Stadt Orotava verschifft wurde.<\/p>\n<figure id=\"attachment_296\" aria-describedby=\"caption-attachment-296\" style=\"width: 600px\" class=\"wp-caption alignleft\"><img fetchpriority=\"high\" decoding=\"async\" class=\"size-full wp-image-296  \" title=\"Blick von der Bucht auf das Anaga-Gebirge\" src=\"https:\/\/www.portatenerife.de\/blog\/bilder\/blick-von-der-bucht-auf-das-anaga-gebirge.jpg\" alt=\"Blick auf das Anaga-Gebirge\" width=\"600\" height=\"400\" \/><figcaption id=\"caption-attachment-296\" class=\"wp-caption-text\">Blick von der Playa de Roque auf das Anaga-Gebirge<\/figcaption><\/figure>\n<p>Die Stadt selbst eignet sich nat\u00fcrlich nicht  nur als idealer Ausgangspunkt f\u00fcr Wanderungen und Ausfl\u00fcge, sondern hat auch als Ferienaufenthalt einiges zu bieten. Schon der Naturforscher Alexander von Humboldt, der 1799 l\u00e4ngere Zeit auf Teneriffa weilte, hat seine Natursch\u00f6nheiten gepriesen und geschrieben:<\/p>\n<blockquote><p>\u201eKein Ort der Welt scheint mir geeigneter, die Schwermut zu bannen.\u201c<\/p><\/blockquote>\n<h2>Aufbruch gen Santa Cruz de Tenerife<\/h2>\n<p>Wir lassen die pittoreske Altstadt von <a title=\"Immobilien in Puerto de la Cruz\" href=\"https:\/\/www.portatenerife.de\/immobilien\/kaufen\/puerto-de-la-cruz\/\">Puerto de la Cruz<\/a> mit ihren altert\u00fcmlichen Landh\u00e4usern und der eleganten Strandpromenade zur\u00fcck und rollen gem\u00fctlich auf der Autobahn Richtung Hauptstadt Santa Cruz.<\/p>\n<p>Schon kurz nach dem Start werden wir durch die beiden Autobahnausfahrten <em>\u201eMatanza\u201c<\/em> und <em>\u201eVictoria\u201c<\/em> an die Geschichte der Insel erinnert.  <em>\u201eMatanza\u201c<\/em> hei\u00dft auf Deutsch die <em>\u201eAbschlachtung\u201c<\/em>. 1594 wurden hier die Spanier von den Ureinwohnern besiegt.  Doch wer waren eigentlich die Ureinwohner und wie lebten sie?<\/p>\n<p>Die Ureinwohner, <em>\u201eGuanchen\u201c<\/em>,  in der altkanarischen Sprache <em>\u201eSohn von Teneriffa\u201c<\/em>, kamen ab 500 v. Chr.  in verschiedenen Einwanderungswellen aus Nordafrika auf die Atlantikinseln. Sie wohnten hier \u00fcberwiegend in H\u00f6hlen und als Kleidung dienten ihnen Ziegenfelle. Den Boden bearbeiteten sie mit Holzst\u00f6cken und auf diesen kleinen gerodeten Feldern wuchs Gerste und Getreide. Gegen die Spanier k\u00e4mpfen sie mit spitzen Wurfsteinen und Holzkeulen. Nat\u00fcrlich war dieses Bauern- und Hirtenvolk, das man auf ca. 30.000 Menschen sch\u00e4tzt, gegen die europ\u00e4ische Streitmacht mit ihren Musketen \u2013 trotz einiger Siege \u2013 auf Dauer chancenlos.<\/p>\n<h2>Zum Plaza del Adelantado nach Laguna<\/h2>\n<figure id=\"attachment_311\" aria-describedby=\"caption-attachment-311\" style=\"width: 288px\" class=\"wp-caption alignleft\"><img decoding=\"async\" class=\"size-full wp-image-311  \" title=\"Haus in Laguna auf Teneriffa\" src=\"https:\/\/www.portatenerife.de\/blog\/bilder\/laguna.jpg\" alt=\"Haus in Laguna auf Teneriffa\" width=\"288\" height=\"192\" \/><figcaption id=\"caption-attachment-311\" class=\"wp-caption-text\">Haus in Laguna auf Teneriffa<\/figcaption><\/figure>\n<p>Wir fahren weiter und verlassen bei der Ausfahrt <em>\u201eLaguna\u201c<\/em> die Autobahn. Wir versuchen, dem chaotischen Verkehr und der Stra\u00dfenbahn auszuweichen, um schlie\u00dflich in  Laguna auf der <em>\u201ePlaza del Adelantado&#8220;<\/em> (Platz des Stadthalters) zu landen.<\/p>\n<p>Damit befinden wir uns bereits im Zentrum des geschichtlichen Geschehens. Denn der Name ist noch auf Alfonso Fernand\u00e8z de Lugo zur\u00fcckzuf\u00fchren. Dieser Hidalgo, war ein typischer adeliger Gl\u00fccksritter aus Andalusien, der wie andere ber\u00fchmte Eroberer, wie z.B. Cortez und Pizarro, fern der armen Heimat Gold und Gl\u00fcck suchte. Und Lugo war erfolgreich, er besiegte 1496 die Guanchen und brachte die gesamte Insel unter seine Herrschaft. Im selben Jahr gr\u00fcndete er Laguna (hier gab es fr\u00fcher einen kleinen See von dem die Stadt ihren Namen hat), baute sich eine sch\u00f6ne Residenz, heiratete zwei Jahre sp\u00e4ter und regierte mit Erfolg 29 Jahre lang Teneriffa.<\/p>\n<p>Noch ein Wort zur Frau Gemahlin. Dies war die zauberhaft verf\u00fchrerische Beatriz de Bobadilla. Sie f\u00fchrte den Spitznamen <em>\u201eDie J\u00e4gerin\u201c<\/em>, denn sie war zuvor die Gespielin des K\u00f6nigs Ferdinand von Kastilien, und sp\u00e4ter mit Herman Peraza, dem Eroberer von Gomera verheiratet.  Sie soll auch mit Kolumbus, der auf Gomera \u00f6fters Station machte, ein Verh\u00e4ltnis gehabt haben und auch als spanische Hofdame in Madrid kein Kind von Traurigkeit gewesen sein.<\/p>\n<p>Laguna, die fr\u00fchere Residenz-  und Hauptstadt des kanarischen Archipels (Seit 1723 ist Santa Cruz die Hauptstadt) entz\u00fcckt die Besucher durch seine spanischen Herrenh\u00e4user im Kolonialstil des 17. und 18. Jahrhunderts. Diese Adelspal\u00e4ste mit pr\u00e4chtigen Fassaden umschlie\u00dfen Palmenbest\u00fcckte Avenidas und gro\u00dfr\u00e4umige Plazas.<\/p>\n<p>Wir verlassen nun die Kultur und dies im wortw\u00f6rtlichen Sinn, denn der Palacio Episcopal (Bischofspalast) geh\u00f6rt zum Weltkulturerbe, um uns nun ganz die Arme von Mutter Natur zu werfen. Der Gegensatz zwischen der betriebsamen Universit\u00e4ts- und Gesch\u00e4ftsstadt Laguna und dem k\u00fchl verschlossenen und einsamen Mercedes-Wald, der sich auf der H\u00f6henstra\u00dfe, die jetzt aus der Ebene durch das Anaga-Gebirge aufsteigt, k\u00f6nnte nicht gr\u00f6\u00dfer sein.<\/p>\n<h2>Vom Mercedes-Wald zum gr\u00fcnen Dach des Anaga-Gebirges<\/h2>\n<figure id=\"attachment_312\" aria-describedby=\"caption-attachment-312\" style=\"width: 288px\" class=\"wp-caption alignright\"><img decoding=\"async\" class=\"size-full wp-image-312 \" title=\"Wanderweg durch das Anaga-Gebirge auf Teneriffa\" src=\"https:\/\/www.portatenerife.de\/blog\/bilder\/wanderweg-teneriffa.jpg\" alt=\"Wanderweg im Anaga-Gebirge auf Teneriffa\" width=\"288\" height=\"192\" \/><figcaption id=\"caption-attachment-312\" class=\"wp-caption-text\">Wanderweg durch das Anaga-Gebirge auf Teneriffa<\/figcaption><\/figure>\n<p>Es ist ein immergr\u00fcner Wald, in dem Lorbeer- Erdbeer- Gagelb\u00e4ume, Macchien, Strauch- und Hartlaubgew\u00e4chse eine fast dschungelhafte gr\u00fcne Wildnis bilden, die dank der Passatwinde oft noch obendrein in Nebel geh\u00fcllt wird. In vielen, vielen Kurven k\u00e4mpfen wir uns durch den <em>\u201eBosque de Las Mercedes\u201c<\/em> auf den h\u00f6chsten Gipfel des Anaga-Gebirges (960 m) nach oben. Hier auf dem <em>\u201eMirador Pic de Ingles\u201c<\/em> genie\u00dfen wir einen zauberhaften Blick \u00fcber das gr\u00fcne Dach des Anaga-Gebirges mit dem t\u00fcrkisblauen Meer dahinter.<\/p>\n<p>Da man eine Landschaft am besten kennenlernen kann, wenn man sie mit den F\u00fc\u00dfen erwandert und mit allen Sinnen aufnimmt, machen wir uns auf den Marsch, das Anaga-Gebirge von seiner H\u00f6he bis zum Meer zu durchwandern. Wir starten vom alten Forsthaus nahe der Ananagakammstra\u00dfe und steigen auf einen Saumpfad mit Lehmstufen auf denen schon die Guanchen ihre Waren auf Holzkraxen schleppten. Der Weg schl\u00e4ngelt sich in \u201evueltas\u201c, die auf beiden Seiten mit Lorbeerb\u00e4umen und Str\u00e4uchern, die mit Lianen und Flechten bedeckt sind nach unten. Au\u00dfer Wald und Macchien, die den Steg seitlich eins\u00e4umen und oben noch \u00fcberw\u00f6lben, ist nichts zu sehen. Nach einer Kurve \u00e4ndert sich das Bild \u00fcberraschend und abrupt. Der Weg, der in der Halbd\u00e4mmerung feucht und lehmig war und etwas modrig roch, wird pl\u00f6tzlich im hellen Sonnenlicht trocken, steinig und steil abfallend.  Der Wald liegt nun hinter uns, vor uns einige kleinf\u00f6rmige Terrassenfelder mit Weinst\u00f6cken und K\u00fcrbisfr\u00fcchten, dazu gesellen sich einige Zitronen- und Orangenb\u00e4ume sowie ein m\u00e4chtiger Drachenbaum.<\/p>\n<p>Die Stille und Einsamkeit, die uns im Wald eine gute Stunde des Weges eingeh\u00fcllt hatte, wird jetzt hin und wieder vom Bellen eines Hundes, dem Gemecker von Ziegen und dem Bl\u00f6cken eines Schafes unterbrochen. Der Menschen, flei\u00dfige Bauern sind auch zu sehen, hat den Wald gerodet und eine Kulturlandschaft geschaffen, die Feldf\u00fcrchte abwirft und dem Kleinvieh zur Weide dient.<\/p>\n<p>Wir marschieren durch den steinigen und steilen Barraneo de la Iglesia und landen beschwingt auf dem Dorfplatz von Tangana, wo der Maultierpfad endet. Vor uns liegt nun das sch\u00e4umende Meer  mit Felsklippen und einer schwarzen Bucht von Lavasand. Noch ein halbes St\u00fcndchen Abstieg und wir landen an der Playa de Roque, wo es Wasser zum Baden und Fische zum Essen gibt.<\/p>\n<figure id=\"attachment_295\" aria-describedby=\"caption-attachment-295\" style=\"width: 600px\" class=\"wp-caption alignleft\"><img loading=\"lazy\" decoding=\"async\" class=\"size-full wp-image-295\" title=\"Playa de San Roque\" src=\"https:\/\/www.portatenerife.de\/blog\/bilder\/playa-de-san-roque.jpg\" alt=\"Playa de San Roque\" width=\"600\" height=\"400\" \/><figcaption id=\"caption-attachment-295\" class=\"wp-caption-text\">Playa de San Roque<\/figcaption><\/figure>\n<p>Da wir kein Maultier besitzen, sparen wir uns den steilen Maultierweg zur\u00fcck und treten den R\u00fcckweg wohlgemut mit dem Bus an.<\/p>\n","protected":false},"excerpt":{"rendered":"<p>Umfangreiche Infos f\u00fcr eine unvergessliche Tour durch den Norden von Teneriffa. Erleben Sie den Zauber der Insel mit vielen Fotos und Insidertipps.<\/p>\n","protected":false},"author":4,"featured_media":0,"comment_status":"open","ping_status":"open","sticky":false,"template":"","format":"standard","meta":{"footnotes":""},"categories":[6,14],"tags":[],"class_list":["post-290","post","type-post","status-publish","format-standard","hentry","category-teneriffa","category-wandern"],"_links":{"self":[{"href":"https:\/\/www.portatenerife.de\/blog\/wp-json\/wp\/v2\/posts\/290","targetHints":{"allow":["GET"]}}],"collection":[{"href":"https:\/\/www.portatenerife.de\/blog\/wp-json\/wp\/v2\/posts"}],"about":[{"href":"https:\/\/www.portatenerife.de\/blog\/wp-json\/wp\/v2\/types\/post"}],"author":[{"embeddable":true,"href":"https:\/\/www.portatenerife.de\/blog\/wp-json\/wp\/v2\/users\/4"}],"replies":[{"embeddable":true,"href":"https:\/\/www.portatenerife.de\/blog\/wp-json\/wp\/v2\/comments?post=290"}],"version-history":[{"count":22,"href":"https:\/\/www.portatenerife.de\/blog\/wp-json\/wp\/v2\/posts\/290\/revisions"}],"predecessor-version":[{"id":323,"href":"https:\/\/www.portatenerife.de\/blog\/wp-json\/wp\/v2\/posts\/290\/revisions\/323"}],"wp:attachment":[{"href":"https:\/\/www.portatenerife.de\/blog\/wp-json\/wp\/v2\/media?parent=290"}],"wp:term":[{"taxonomy":"category","embeddable":true,"href":"https:\/\/www.portatenerife.de\/blog\/wp-json\/wp\/v2\/categories?post=290"},{"taxonomy":"post_tag","embeddable":true,"href":"https:\/\/www.portatenerife.de\/blog\/wp-json\/wp\/v2\/tags?post=290"}],"curies":[{"name":"wp","href":"https:\/\/api.w.org\/{rel}","templated":true}]}}